{"id":252,"date":"2016-07-29T23:09:38","date_gmt":"2016-07-29T21:09:38","guid":{"rendered":"http:\/\/www.montazer.net\/de\/?p=252"},"modified":"2017-11-02T18:18:09","modified_gmt":"2017-11-02T17:18:09","slug":"homesough","status":"publish","type":"post","link":"https:\/\/www.montazer.net\/de\/blog\/homesough.html","title":{"rendered":"Heimat&shy;rausch&shy;en"},"content":{"rendered":"<div class=\"article-top\"><img loading=\"lazy\" decoding=\"async\" class=\"alignnone size-full wp-image-83\" src=\"https:\/\/www.montazer.net\/de\/wp-content\/uploads\/sites\/2\/2016\/06\/20140722_016.jpg\" alt=\"Nur, Kaspisches Meer, 22 Jul. 2014\" width=\"1170\" height=\"294\" title=\"Nur, Kaspisches Meer, 22 Jul. 2014\" \/><\/div>\n<h2>Und was verstehst du unter Heimat?<\/h2>\n<div class=\"col hyphenate\">\n<h3>Orte der Erinnerung<\/h3>\n<p>Ich erinnere mich an einer \u00f6ffentlichen Podiumsdisskusion zum Thema Heimat, die ca. zu Begin der globalen Finanzkrise in einer bayerischen Kleinstadt stattfand, als zur selben Zeit wegen der u.a. von den USA im Nahen Osten gef\u00fchrten Angriffskriege die Zahl der Kriegsfl\u00fcchtlinge, sprich, der Menschen, die sich vor Krieg und den dadurch verursachten Kriegsfolgen zu retten versuchen, steil nach oben scho\u00df. Ich erinnere mich, wie auf dieser Podiumsdisskusion die G\u00e4ste &dash; es waren wirklich nur seeehr wenige interessierte B\u00fcrger vor Ort &dash; gefragt wurden, was sie denn unter dem Begriff Heimat verst\u00fcnden. Wie nicht anders zu erwarten kamen dabei, trotz dieser seeehr kleinen Runde, unterschiedlichste Antworten und Ansichten heraus. Eingeladene G\u00e4ste der &#8222;Talkrunde&#8220; waren u.a. eine Europaabgeordnete der Gr\u00fcnen, irgend ein FDP&shy;-Clown und &hellip; hmhmmm &hellip;. An die restlichen Darsteller der Podiumstruppe kann ich mich nicht erinnern, was auch nicht weiter wichtig ist. Meine Antwort auf die Frage zum Verst\u00e4ndis des Heimatbegriffs war in etwa folgenderma\u00dfen: Heimat ist kein statischer unver\u00e4nderlicher Ort, kein Fixpunkt. Es ist vielmehr ein Gef\u00fchl, es sind die Erinnerungen, Bilder, Kl\u00e4nge, Ger\u00fcche, Gef\u00fchle, eben die gesammelten Eindr\u00fccke, die man mit diesem Ort bzw. diesen Orten verbindet. Dabei handelt es sich i.d.R. um ein recht \u00fcberschaubares geografisches Terrain, z.B. um ein Viertel einer Stadt. Lebensl\u00e4ufe, h\u00e4ufige Umz\u00fcge oder auch k\u00f6rperliche und kognitive Einschr\u00e4nkungen spielten f\u00fcr das Heimat-Verst\u00e4ndnis wom\u00f6glich eine ebenso pr\u00e4gende Rolle. Au\u00dferdem kann sich das Gef\u00fchl der Heimatverbundenheit durch Migration, Krankheit, Flucht und Vertreibung, Krieg und Zerst\u00f6rung, Liebe und Eroberung etc. pp. auch sehr schnell wandeln. Zum Begriff Heimat lie\u00dfen sich sicher viele B\u00fccher schreiben, die mehrere Bibliotheken f\u00fcllen. Der Begriff Heimat \u00e4hnelt somit Begriffen wie Liebe, Freiheit, sozial, Gerechtigkeit und vielen anderen Worten, deren Bedeutung im Laufe der Zeit ebenfalls einem Wandel unterworfen sind.<br \/>\nEine weitere Frage, wo denn derzeit die gr\u00f6\u00dften Gefahren f\u00fcr die Demokratien, den Weltfrieden und \u00fcberhaupt lauern w\u00fcrden, wurde nicht den Besuchern, also den potentiellen W\u00e4hlern, sondern nur den Podiumsteilnehmern gestellt, schlie\u00dflich sollen derartige Shows ja vor allem der \u00d6ffentlichkeitsarbeit der Veranstalter, sprich Parteien, Gewerkschaften und deren Personal dienen. Nichtsdestotrotz murmelte ich, ungefragt, aber reflexartig und laut genug aus der zweiten Reihe, damit es die Polit-Darsteller auch ja h\u00f6ren k\u00f6nnen &dash; dem Finanzsystem! &dash; der US-gef\u00fchrten weltweiten Angrieffskriege!. Es folgten zwar ein paar mi\u00dfbilligende oder vielmehr klarstellende Blicke, da\u00df wir nur die Zuh\u00f6rerstaffage seien, aber dennoch nahm die Europaabgeordnete diese Wortknochen sofort auf und betonte ebenfalls mit klaren Worten, da\u00df die derzeitig gr\u00f6\u00dften Gefahren f\u00fcr die Zukunft von Demokratien, aber auch den Weltfrieden, eindeutig von den deregulierten Finanzm\u00e4rkten, beginndend mit Goldman Sachs &amp; Co. und den USA mit ihren v\u00f6lkerrechtswidrigen Kriegen ausgehe.<br \/>\nMir ging der Gedanke durch den Kopf, hier h\u00e4tten sich zwei Fremde mit einer \u00e4hnlichen politischen Heimat getroffen. Oder konnten und vor allem wollten all die anderen Anwesenden diese wirtschaftspolitischen Zusammenh\u00e4nge einfach nicht sehen, nicht erkennen. Tja, Bildung, wirtschaftlicher Erfolg und Freiheit sind keine Garanten f\u00fcr eine sichere Zukunft. Die vielzitierte Eigenverantwortung sollte beim Denken nicht halt machen.\n<\/p>\n<\/div>\n","protected":false},"excerpt":{"rendered":"<p>Und was verstehst du unter Heimat? Orte der Erinnerung Ich erinnere mich an einer \u00f6ffentlichen Podiumsdisskusion zum Thema Heimat, die ca. zu Begin der globalen Finanzkrise in einer bayerischen Kleinstadt stattfand, als zur selben Zeit wegen der u.a. von den USA im Nahen Osten gef\u00fchrten Angriffskriege die Zahl der Kriegsfl\u00fcchtlinge, sprich, der Menschen, die sich [&hellip;]<\/p>\n","protected":false},"author":2,"featured_media":203,"comment_status":"open","ping_status":"open","sticky":false,"template":"","format":"standard","meta":{"_acf_changed":false,"footnotes":""},"categories":[4],"tags":[32,33,22],"class_list":{"0":"post-252","1":"post","2":"type-post","3":"status-publish","4":"format-standard","5":"has-post-thumbnail","7":"category-blog","8":"tag-heimat","9":"tag-sinn","10":"tag-zeit","11":"czr-hentry"},"acf":[],"_links":{"self":[{"href":"https:\/\/www.montazer.net\/de\/wp-json\/wp\/v2\/posts\/252","targetHints":{"allow":["GET"]}}],"collection":[{"href":"https:\/\/www.montazer.net\/de\/wp-json\/wp\/v2\/posts"}],"about":[{"href":"https:\/\/www.montazer.net\/de\/wp-json\/wp\/v2\/types\/post"}],"author":[{"embeddable":true,"href":"https:\/\/www.montazer.net\/de\/wp-json\/wp\/v2\/users\/2"}],"replies":[{"embeddable":true,"href":"https:\/\/www.montazer.net\/de\/wp-json\/wp\/v2\/comments?post=252"}],"version-history":[{"count":1,"href":"https:\/\/www.montazer.net\/de\/wp-json\/wp\/v2\/posts\/252\/revisions"}],"predecessor-version":[{"id":672,"href":"https:\/\/www.montazer.net\/de\/wp-json\/wp\/v2\/posts\/252\/revisions\/672"}],"wp:featuredmedia":[{"embeddable":true,"href":"https:\/\/www.montazer.net\/de\/wp-json\/wp\/v2\/media\/203"}],"wp:attachment":[{"href":"https:\/\/www.montazer.net\/de\/wp-json\/wp\/v2\/media?parent=252"}],"wp:term":[{"taxonomy":"category","embeddable":true,"href":"https:\/\/www.montazer.net\/de\/wp-json\/wp\/v2\/categories?post=252"},{"taxonomy":"post_tag","embeddable":true,"href":"https:\/\/www.montazer.net\/de\/wp-json\/wp\/v2\/tags?post=252"}],"curies":[{"name":"wp","href":"https:\/\/api.w.org\/{rel}","templated":true}]}}