{"id":249,"date":"2016-07-29T15:29:11","date_gmt":"2016-07-29T13:29:11","guid":{"rendered":"http:\/\/www.montazer.net\/de\/?p=249"},"modified":"2016-09-17T01:15:09","modified_gmt":"2016-09-16T23:15:09","slug":"christmas-2015","status":"publish","type":"post","link":"https:\/\/www.montazer.net\/de\/kultur\/christmas-2015.html","title":{"rendered":"Weih&shy;nach&shy;ten 2015"},"content":{"rendered":"<div class=\"article-top\"><img loading=\"lazy\" decoding=\"async\" class=\"alignnone size-full wp-image-83\" src=\"https:\/\/www.montazer.net\/de\/wp-content\/uploads\/sites\/2\/2016\/06\/IMG_20151224_085521.jpg\" alt=\"M\u00fcnchen, Fr\u00fchlingsanlagen, Eduard-Schmid-Stra\u00dfe, Ecke Boosstra\u00dfe, 24 Dez. 2015 08:55:21\" width=\"1170\" height=\"294\" title=\"M\u00fcnchen, Fr\u00fchlingsanlagen, Eduard-Schmid-Stra\u00dfe, Ecke Boosstra\u00dfe, 24 Dez. 2015 08:55:21\" \/><\/div>\n<h2>Sich erinnern an die sch\u00f6nen Dinge<\/h2>\n<div class=\"col hyphenate\">\n<h3>Ein Tag wie jeder andere<\/h3>\n<p>Der Morgen des 24 Dez. 2015 versprach mit seiner glei\u00dfend hellen Begr\u00fc\u00dfung ein wundersch\u00f6ner Tag zu werden. Leider erinnere ich mich aber nicht mehr daran. Ich habe keine Ahnung, was an jenem Morgen geschah. Es war wahrscheinlich mal wieder einer dieser ganz banalen Tage, wie sie eben i.d.R. so sind. Einer dieser Tage eben, an denen mal wieder die Apokalypse, das Ende der Welt, der Endkampf zwischen Gut und B\u00f6se, Licht und Finsternis, einfach so &dash; ausbleibt, das Wasser immer noch bergab flie\u00dft und man Geld immer noch nicht essen kann, au\u00dfer &hellip; ach ja &hellip; es war halt Weih&shy;-Nach&shy;-Ten, ein Familientag, ein Tag, den man, wenn m\u00f6glich, mit seinen Liebsten verbringt, wo garantiert wieder die Fetzen fliegen, ein Tag, an dem man sich gegenseitig jede Menge tolle Sachen schenkt, ein Tag, ohne den ein nicht unerheblicher Teil der Wirtschaft zusammenbrechen w\u00fcrde, weil Dinge kaufen, Dinge besitzen und Dinge verschenken von wirklich gaaaanz vielen lieben und weniger lieben Leuten als vermeintlich gleichwertigem Ersatz f\u00fcr das einzig Wertvolle, n\u00e4mlich der eigenen Lebenszeit, vertauscht wurden. Liebe will gehegt und gepflegt sein, Liebe braucht Zeit, die Zeit, der sich die Sch\u00f6pfer moderner Gesellschaften freiwillig berauben. Ich f\u00fcrchte fast, da\u00df genau die \u00c4ngste, die durch den Mangel und den Verlust an Erinnerungen entstehen und als Bedeutungslosigkeit des eigenen Lebens interpretiert werden, Menschen dazu verleiten, ihrem Leben mit zus\u00e4tzlichen Markern, z.B. in Form extremer Ausschweifungen und Exzessen, die, gem\u00e4\u00df ihren Vorstellungen, &#8222;richtige&#8220; Bedeutung zu verpassen, in der Hoffnung, da\u00df sich diese Geschichten tiefer ins Ged\u00e4chtnis graben und dadurch die Erinnerungspfade des eigenen Lebens besser ausleuchten, um nicht im Dunkel des Unbekannten, im Nichts zu entschwinden. Zum Schlu\u00df m\u00f6chte ich noch auf einen 2001 herausgekommenen herausragenden franz\u00f6sischen Film mit dem Titel <a href=\"https:\/\/www.youtube.com\/watch?v=lGDiDX8mw24\" target=\"_blank\" hreflang=\"fr\">&#8222;Claire &#8211; Sich erinnern an die sch\u00f6nen Dinge&#8220;<\/a> aufmerksam machen, der diese Zusammenh\u00e4nge grandios thematisiert.<\/p>\n<\/div>\n","protected":false},"excerpt":{"rendered":"<p>Sich erinnern an die sch\u00f6nen Dinge Ein Tag wie jeder andere Der Morgen des 24 Dez. 2015 versprach mit seiner glei\u00dfend hellen Begr\u00fc\u00dfung ein wundersch\u00f6ner Tag zu werden. Leider erinnere ich mich aber nicht mehr daran. Ich habe keine Ahnung, was an jenem Morgen geschah. Es war wahrscheinlich mal wieder einer dieser ganz banalen Tage, [&hellip;]<\/p>\n","protected":false},"author":2,"featured_media":182,"comment_status":"open","ping_status":"open","sticky":false,"template":"","format":"standard","meta":{"_acf_changed":false,"footnotes":""},"categories":[3],"tags":[25,31,24,22],"class_list":{"0":"post-249","1":"post","2":"type-post","3":"status-publish","4":"format-standard","5":"has-post-thumbnail","7":"category-kultur","8":"tag-angst","9":"tag-film","10":"tag-gesellschaft","11":"tag-zeit","12":"czr-hentry"},"acf":[],"_links":{"self":[{"href":"https:\/\/www.montazer.net\/de\/wp-json\/wp\/v2\/posts\/249","targetHints":{"allow":["GET"]}}],"collection":[{"href":"https:\/\/www.montazer.net\/de\/wp-json\/wp\/v2\/posts"}],"about":[{"href":"https:\/\/www.montazer.net\/de\/wp-json\/wp\/v2\/types\/post"}],"author":[{"embeddable":true,"href":"https:\/\/www.montazer.net\/de\/wp-json\/wp\/v2\/users\/2"}],"replies":[{"embeddable":true,"href":"https:\/\/www.montazer.net\/de\/wp-json\/wp\/v2\/comments?post=249"}],"version-history":[{"count":0,"href":"https:\/\/www.montazer.net\/de\/wp-json\/wp\/v2\/posts\/249\/revisions"}],"wp:featuredmedia":[{"embeddable":true,"href":"https:\/\/www.montazer.net\/de\/wp-json\/wp\/v2\/media\/182"}],"wp:attachment":[{"href":"https:\/\/www.montazer.net\/de\/wp-json\/wp\/v2\/media?parent=249"}],"wp:term":[{"taxonomy":"category","embeddable":true,"href":"https:\/\/www.montazer.net\/de\/wp-json\/wp\/v2\/categories?post=249"},{"taxonomy":"post_tag","embeddable":true,"href":"https:\/\/www.montazer.net\/de\/wp-json\/wp\/v2\/tags?post=249"}],"curies":[{"name":"wp","href":"https:\/\/api.w.org\/{rel}","templated":true}]}}