{"id":1,"date":"2015-12-10T19:16:29","date_gmt":"2015-12-10T18:16:29","guid":{"rendered":"http:\/\/www.montazer.net\/de\/?p=1"},"modified":"2022-10-31T22:52:11","modified_gmt":"2022-10-31T21:52:11","slug":"hello-world","status":"publish","type":"post","link":"https:\/\/www.montazer.net\/de\/blog\/hello-world.html","title":{"rendered":"Hallo Welt!"},"content":{"rendered":"<div class=\"article-top\"><img loading=\"lazy\" decoding=\"async\" class=\"alignnone size-full wp-image-83\" title=\"M\u00fcnchner Unterf\u00fchrung\" src=\"https:\/\/www.montazer.net\/de\/wp-content\/uploads\/sites\/2\/2016\/06\/IMG_20151003_204648.jpg\" alt=\"M\u00fcnchner Unterf\u00fchrung\" width=\"1170\" height=\"294\" \/><\/div>\n<h2>Salam-O-Aleikum<\/h2>\n<div class=\"col hyphenate\">\n<h3>Aleikum-O-Salam<\/h3>\n<p>Willkommen auf <a href=\"https:\/\/www.montazer.net\/\">Montazer.Net<\/a>. W\u00e4hrend mir f\u00fcr den ersten Blog-Beitrag Begriffe wie Willkommen, Willkommenskultur, Migration, Ein- und Auswanderung, Grenzen, Grenzen \u00fcberwinden, Heimat, Sprache, Kultur und allerlei weitere Worte und Bilder durch den Kopf surren, brechen sich bestimmte Assoziationen Bahn und dr\u00e4ngen sich in den Vordergrund. Es sind die Extreme, die positiven, wie auch die negativen Extreme, die sich in die Erinnerung gebrannt haben. Geschichten, die einen ber\u00fchren, Geschichten, die man erlebt hat, getr\u00e4umt hat, oder die von anderen erz\u00e4hlt wurden, m\u00fcndlich wie auch schriftlich, oder verfilmte Geschichten. Und pl\u00f6tzlich erinnere ich mich an ein M\u00e4rchen wie aus Tausend Und Einer Nacht, da\u00df im wirklich sehenswerten Spielfilm <a class=\"fancybox-youtube\" href=\"https:\/\/youtu.be\/ufIiQs-W_0s\" target=\"_blank\" rel=\"noopener\">Salami Aleikum<\/a> des deutsch-iranischen Filmregisseurs <a href=\"https:\/\/de.wikipedia.org\/wiki\/Ali_Samadi_Ahadi\" target=\"_blank\" rel=\"noopener\">Ali Samadi Ahadi<\/a> auf unterhaltsamste Weise erz\u00e4hlt wird.<\/p>\n<p>Die multikulturelle Filmkom\u00f6die mit dem beliebten Kabarettisten, Schauspieler und Autor <a href=\"http:\/\/www.niavarani.at\/\" target=\"_blank\" rel=\"noopener\">Michael Niavarani<\/a>, erz\u00e4hlt von einer persischen Migrantenfamlie, welche ihre wirtschaftliche Existenz auf Grundlage eines Metzgereibetriebs in K\u00f6ln aufgibt, um schlie\u00dflich, durch eine zuf\u00e4llig und leise sich anbahnende Liebesgeschichte, in einem Provinzdorf in Ostdeutschland zu landen. Der zu erwartende Kulturschock auf beiden Seiten bleibt dabei nat\u00fcrlich nicht aus, ebenso wenig die stereotypen Vorurteile. Und wie in jedem sch\u00f6nen M\u00e4rchen, ist es wieder eimal die Liebe, die das Schicksal eines jeden wie auch des gesamten Dorfes bestimmt und am Ende alles zum Guten wendet.<\/p>\n<p>Schwupps, schon laufen Bilder zweier weiterer Geschichten vor meinem inneren Auge ab &#8211; Die erste Geschichte: <a class=\"fancybox-youtube\" href=\"https:\/\/youtu.be\/N0u6CNKe89g\" target=\"_blank\" rel=\"noopener\">\u201eDas Leben ist sch\u00f6n\u201c<\/a> handelt im besetzten Italien der 1940er Jahre &#8211;<br \/>\nDie zweite Geschichte spielt ebenfalls in der Zeit des II Weltkriegs und hei\u00dft <a class=\"fancybox-youtube\" href=\"https:\/\/youtu.be\/ZsKY3Oz_aNo\" target=\"_blank\" rel=\"noopener\">\u201eZug des Lebens\u201c<\/a>.\n<\/div>\n<div class=\"col hyphenate\">\n<h3>Die Geschichte hinter den Geschichten<\/h3>\n<p>Weshalb ich diese Filme als Aufh\u00e4nger f\u00fcr meinen ersten Blog-Beitrag ausgew\u00e4hlt habe &#8211; eigentlich habe ich sie gar nicht ausgew\u00e4hlt, vielmehr sind sie mir spontan eingefallen, also zugefallen &#8211; ist schnell erkl\u00e4rt. In meiner Jugend lenkte ich bei jeder sich nur bietenden Gelegenheit den Fokus eines Gespr\u00e4chs auf die bis dato ungel\u00f6sten Probleme dieser Welt, in der naiven Hoffnung, dadurch meinem vermeintlich unwissenden oder gar ignoranten Gegen\u00fcber daf\u00fcr endlich die Augen zu \u00f6ffnen, mu\u00dfte aber jedes Mal auf&#8217;s Neue fassungslos feststellen, da\u00df, je ernster die Geschichten wurden, desto abweisender reagierten meine Gespr\u00e4chspartner. Ich mu\u00dfte schlu\u00dfendlich akzeptieren, da\u00df <a href=\"http:\/\/www.ramstein-kampagne.eu\" target=\"_blank\" rel=\"noopener\">Krieg<\/a>, <a href=\"http:\/\/www.aufschrei-waffenhandel.de\/Informationen.288.0.html\" target=\"_blank\" rel=\"noopener\">Waffenhandel<\/a>, <a href=\"http:\/\/alles-schallundrauch.blogspot.de\/2015\/07\/deutschland-muss-das-korrupteste-land.html\" target=\"_blank\" rel=\"noopener\">Korruption<\/a>, <a href=\"http:\/\/www.nachdenkseiten.de\/?p=33733\" target=\"_blank\" rel=\"noopener\">Wirtschaftskriminalit\u00e4t<\/a>, <a href=\"http:\/\/www.heise.de\/tp\/artikel\/48\/48822\/1.html\" target=\"_blank\" rel=\"noopener\">Mord<\/a>, <a href=\"http:\/\/www.anstageslicht.de\/themen\/vetternwirtschaft\/\" target=\"_blank\" rel=\"noopener\">Vetternwirtschaft<\/a>, <a href=\"https:\/\/www.freitag.de\/autoren\/asansoerpress35\/dr-butterwegge-hartz-iv-und-die-folgen\" target=\"_blank\" rel=\"noopener\">Sklavenhaltergesellschaft<\/a>, <a href=\"https:\/\/de.wikipedia.org\/wiki\/Sexueller_Missbrauch_in_der_r%C3%B6misch-katholischen_Kirche\" target=\"_blank\" rel=\"noopener\">Sexueller Mi\u00dfbrauch<\/a>, <a href=\"http:\/\/www.lto.de\/recht\/hintergruende\/h\/gustl-mollath-richterverein-politik-einmischung-kritik\/\" target=\"_blank\" rel=\"noopener\">Rechtsbeugung<\/a>, <a href=\"http:\/\/www.anstageslicht.de\/themen\/justiz-und-polizei\/gustl-mollath-justizskandal\/\" target=\"_blank\" rel=\"noopener\">Machtmi\u00dfbrauch<\/a> usw. usf. und all die anderen Verbrechen sich zwar in Krimis, Arztromanen, Abenteuer-Filmen, Comedy-Shows oder jedem anderen x-beliebigen Unterhaltungsformat, sehr gut verkaufen lie\u00dfen, aber als ernsthafte <span class=\" bs-popover\" title=\"Aufkl\u00e4rung\" data-toggle=\"popover\" data-content=\"Als wichtige Kennzeichen der Aufkl\u00e4rung gelten die Berufung auf die <a href='https:\/\/de.wikipedia.org\/wiki\/Vernunft' target='_blank'>Vernunft<\/a> als universelle Urteilsinstanz&#44; der Kampf gegen <a href='https:\/\/de.wikipedia.org\/wiki\/Vorurteil' target='_blank'>Vorurteile<\/a>&#44; die Hinwendung zu den <a href='https:\/\/de.wikipedia.org\/wiki\/Naturwissenschaft' target='_blank'>Naturwissenschaften<\/a>&#44; das Pl\u00e4doyer f\u00fcr religi\u00f6se <a href='https:\/\/de.wikipedia.org\/wiki\/Toleranz' target='_blank'>Toleranz<\/a> und die Orientierung am <a href='https:\/\/de.wikipedia.org\/wiki\/Naturrecht' target='_blank'>Naturrecht<\/a>. Gesellschaftspolitisch zielte die Aufkl\u00e4rung auf mehr pers\u00f6nliche Handlungsfreiheit (<a href='https:\/\/de.wikipedia.org\/wiki\/Emanzipation' target='_blank'>Emanzipation<\/a>)&#44; Bildung&#44; <a href='https:\/\/de.wikipedia.org\/wiki\/B%C3%BCrgerrechte' target='_blank'>B\u00fcrgerrechte<\/a>&#44; allgemeine <a href='https:\/\/de.wikipedia.org\/wiki\/Menschenrechte' target='_blank'>Menschenrechte<\/a> und das <a href='https:\/\/de.wikipedia.org\/wiki\/Gemeinwohl' target='_blank'>Gemeinwohl<\/a> als Staatspflicht. Viele <a href='https:\/\/de.wikipedia.org\/wiki\/Vordenker_der_Aufkl%C3%A4rung' target='_blank'>Vordenker der Aufkl\u00e4rung<\/a> waren optimistisch&#44; eine vernunftorientierte Gesellschaft werde die Hauptprobleme menschlichen Zusammenlebens schrittweise l\u00f6sen. Dazu vertrauten sie auf eine <a href='https:\/\/de.wikipedia.org\/wiki\/Kritik' target='_blank'>kritische<\/a> <a href='https:\/\/de.wikipedia.org\/wiki\/%C3%96ffentlichkeit' target='_blank'>\u00d6ffentlichkeit<\/a>.<\/p>\n<p class='quelle'>Text basiert auf dem Wikipedia-Artikel <a href='https:\/\/de.wikipedia.org\/w\/index.php?title=Aufkl%C3%A4rung&amp;oldid=156100347' target='_blank'>Aufkl\u00e4rung<\/a>. <a href='https:\/\/de.wikipedia.org\/w\/index.php?title=Aufkl%C3%A4rung&amp;action=history' target='_blank'>Autorenliste<\/a>. Lizenz: <a href='http:\/\/creativecommons.org\/licenses\/by-sa\/3.0\/de\/legalcode' target='_blank'>CC-BY-SA 3.0<\/a>&#44; (<a href='http:\/\/creativecommons.org\/licenses\/by-sa\/3.0\/de\/' target='_blank'>Kurzfassung<\/a>).\" data-animation=\"true\" data-placement=\"top\" data-html=\"true\">Aufkl\u00e4rung<\/span>spille vollkommen versagten.<\/p>\n<p>Humor scheint wohl dann also die letzte L\u00f6sung f\u00fcr das \u00dcberleben der Menschheit zu sein. Und auch dieser Gedanke ist wohl eher der Hoffnung entsprungen, die Menschen m\u00f6gen sich irgendwann einmal, in einer fernen Zukunft, zuerst den wichtigen Fragen des Lebens widmen und erst dann dem \u201e<a href=\"https:\/\/veen.com\/greg\/archives\/000801.html\" target=\"_blank\" title=\"Fett-Freies Wasser\" rel=\"noopener\">letzten Schrei<\/a>\u201c hinterher rennen.<\/p>\n<p><a href=\"https:\/\/www.montazer.net\/de\/wp-content\/uploads\/sites\/2\/2016\/08\/The_Scream-e1472680872465.jpg\"><img loading=\"lazy\" decoding=\"async\" class=\"alignnone wp-image-262 size-large\" src=\"https:\/\/www.montazer.net\/de\/wp-content\/uploads\/sites\/2\/2016\/08\/The_Scream-804x1024.jpg\" alt=\"\u201eDer Schrei\u201c von Edvard Munch, 1893, Tempera auf Pappe, 91 \u00d7 73,5 cm, Norwegische Nationalgalerie Oslo\" width=\"804\" height=\"1024\" \/><\/a><br \/>\n<span class=\"legende\">\u201eDer Schrei\u201c von Edvard Munch, 1893, Tempera auf Pappe, 91 \u00d7 73,5 cm, Norwegische Nationalgalerie Oslo, Lizenz: Gemeinfrei<\/span><\/p>\n<p>Obwohl \u2026? Das wahrscheinlichere Zukunfts-Szenario wird wohl doch eher ein <a href=\"https:\/\/de.wikipedia.org\/wiki\/Atomkriegsuhr\" target=\"_blank\" rel=\"noopener\">atomares Inferno<\/a> sein. Also dachte ich mir: \u201eWarum nur bin ich kein Komiker geworden?\u201c Aber, in Anbetracht solcher Granden wie <a href=\"http:\/\/www.georg-schramm.de\/html\/zur_person.html\" target=\"_blank\" rel=\"noopener\">Georg Schramm<\/a>, <a href=\"http:\/\/www.hader.com\/\" target=\"_blank\" rel=\"noopener\">Josef Hader<\/a>, <a href=\"http:\/\/www.dueringer.at\/\" target=\"_blank\" rel=\"noopener\">Roland D\u00fcringer<\/a>, <a href=\"http:\/\/www.robertpalfrader.at\/\" target=\"_blank\" rel=\"noopener\">Robert Palfrader<\/a>, <a href=\"http:\/\/www.volker-pispers.de\/\" target=\"_blank\" rel=\"noopener\">Volker Pispers<\/a>, <a href=\"http:\/\/www.maxuthoff.de\/\" target=\"_blank\" rel=\"noopener\">Max Uthoff<\/a>, <a href=\"http:\/\/www.wilfriedschmickler.de\/\" target=\"_blank\" rel=\"noopener\">Wilfried Schmickler<\/a>, <a href=\"http:\/\/www.arnulfrating.de\/\" target=\"_blank\" rel=\"noopener\">Arnulf Rating<\/a>, <a href=\"http:\/\/www.claus-von-wagner.de\/\" target=\"_blank\" rel=\"noopener\">Claus von Wagner<\/a>, <a href=\"http:\/\/somuncu.de\/\" target=\"_blank\" rel=\"noopener\">Serdar Somuncu<\/a>, <a href=\"http:\/\/www.marek-fis.de\/\" target=\"_blank\" rel=\"noopener\">Marek Fis<\/a>, <a href=\"http:\/\/fatihland.de\/\" target=\"_blank\" rel=\"noopener\">Fatih Cevikkollu<\/a>, <a href=\"http:\/\/www.christoph-sieber.de\/\" target=\"_blank\" rel=\"noopener\">Christoph Siebers<\/a>, <a href=\"http:\/\/sigi-zimmerschied.de\/\" target=\"_blank\" rel=\"noopener\">Sigi Zimmerschied<\/a>, <a href=\"http:\/\/www.pufpaff.de\/\" target=\"_blank\" rel=\"noopener\">Sebastian Pufpaff<\/a>, <a href=\"http:\/\/www.mathiastretter.de\/\" target=\"_blank\" rel=\"noopener\">Mathias Tretter<\/a>, <a href=\"http:\/\/www.timowopp.de\/\" target=\"_blank\" rel=\"noopener\">Timo Wopp<\/a>, <a href=\"http:\/\/www.florian-schroeder.com\/\" target=\"_blank\" rel=\"noopener\">Florian Schroeder<\/a>, <a href=\"http:\/\/www.pelzig.de\/\" target=\"_blank\" rel=\"noopener\">Frank-Markus Barwasser alias Erwin Pelzig<\/a>, <a href=\"http:\/\/www.puntigam.at\/\" target=\"_blank\" rel=\"noopener\">Martin Puntigam<\/a>, mit Werner Gruber &amp; Heinz Oberhummer von <a href=\"https:\/\/www.youtube.com\/results?search_query=science+busters\" target=\"_blank\" rel=\"noopener\">Science Busters<\/a>, <a href=\"http:\/\/www.vince-ebert.de\/\" target=\"_blank\" rel=\"noopener\">Vince Ebert<\/a>, <a href=\"http:\/\/www.michaelhatzius.com\/\" target=\"_blank\" rel=\"noopener\">Michael Hatzius<\/a>, <a href=\"https:\/\/www.youtube.com\/user\/IdilBaydar\" target=\"_blank\" rel=\"noopener\">Jilet Ayse<\/a> und <a href=\"http:\/\/www.stern.de\/wirtschaft\/hans-werner-sinn-tritt-ab--der-donald-trump-der-oekonomie-6603682.html\" target=\"_blank\" rel=\"noopener\">Hans-Werner Sinn<\/a> und noch Millionen anderer Komiker und deren Erfolge beim Publikum, ist das schon o.k. Ich aber glaube an den <a class=\"fncyybox-youtube\" href=\"https:\/\/youtu.be\/bVCLiPYIqxo\" target=\"_blank\" rel=\"noopener\">Schmetterlingseffekt<\/a>.\n<\/div>\n","protected":false},"excerpt":{"rendered":"<p>Salam-O-Aleikum Aleikum-O-Salam Willkommen auf Montazer.Net. W\u00e4hrend mir f\u00fcr den ersten Blog-Beitrag Begriffe wie Willkommen, Willkommenskultur, Migration, Ein- und Auswanderung, Grenzen, Grenzen \u00fcberwinden, Heimat, Sprache, Kultur und allerlei weitere Worte und Bilder durch den Kopf surren, brechen sich bestimmte Assoziationen Bahn und dr\u00e4ngen sich in den Vordergrund. Es sind die Extreme, die positiven, wie auch die [&hellip;]<\/p>\n","protected":false},"author":2,"featured_media":151,"comment_status":"open","ping_status":"open","sticky":false,"template":"","format":"standard","meta":{"_acf_changed":false,"footnotes":""},"categories":[4],"tags":[54,31,23,53,55,49,52],"class_list":{"0":"post-1","1":"post","2":"type-post","3":"status-publish","4":"format-standard","5":"has-post-thumbnail","7":"category-blog","8":"tag-aufklaerung","9":"tag-film","10":"tag-geschichte","11":"tag-grenze","12":"tag-humor","13":"tag-kultur","14":"tag-sprache","15":"czr-hentry"},"acf":[],"_links":{"self":[{"href":"https:\/\/www.montazer.net\/de\/wp-json\/wp\/v2\/posts\/1","targetHints":{"allow":["GET"]}}],"collection":[{"href":"https:\/\/www.montazer.net\/de\/wp-json\/wp\/v2\/posts"}],"about":[{"href":"https:\/\/www.montazer.net\/de\/wp-json\/wp\/v2\/types\/post"}],"author":[{"embeddable":true,"href":"https:\/\/www.montazer.net\/de\/wp-json\/wp\/v2\/users\/2"}],"replies":[{"embeddable":true,"href":"https:\/\/www.montazer.net\/de\/wp-json\/wp\/v2\/comments?post=1"}],"version-history":[{"count":7,"href":"https:\/\/www.montazer.net\/de\/wp-json\/wp\/v2\/posts\/1\/revisions"}],"predecessor-version":[{"id":807,"href":"https:\/\/www.montazer.net\/de\/wp-json\/wp\/v2\/posts\/1\/revisions\/807"}],"wp:featuredmedia":[{"embeddable":true,"href":"https:\/\/www.montazer.net\/de\/wp-json\/wp\/v2\/media\/151"}],"wp:attachment":[{"href":"https:\/\/www.montazer.net\/de\/wp-json\/wp\/v2\/media?parent=1"}],"wp:term":[{"taxonomy":"category","embeddable":true,"href":"https:\/\/www.montazer.net\/de\/wp-json\/wp\/v2\/categories?post=1"},{"taxonomy":"post_tag","embeddable":true,"href":"https:\/\/www.montazer.net\/de\/wp-json\/wp\/v2\/tags?post=1"}],"curies":[{"name":"wp","href":"https:\/\/api.w.org\/{rel}","templated":true}]}}